{"id":6000,"date":"2021-04-22T16:00:47","date_gmt":"2021-04-22T16:00:47","guid":{"rendered":"https:\/\/www.debellephotography.com\/?p=6000"},"modified":"2021-04-21T11:38:26","modified_gmt":"2021-04-21T11:38:26","slug":"post-template-2","status":"publish","type":"post","link":"https:\/\/debellephotography.com\/fr\/post-template-2\/","title":{"rendered":"Mireille &#038; Rapha\u00ebl"},"content":{"rendered":"<div class=\"wpb-content-wrapper\"><p>[vc_row][vc_column][vc_column_text css=\u00a0\u00bb.vc_custom_1619005150191{margin-bottom: 0px !important;}\u00a0\u00bb]<\/p>\n<div dir=\"ltr\">Looking back at 1 year ago, this was one of the first weddings we photographed during the \u00ab\u00a0Covid Era\u00a0\u00bb. Back then, everything seemed a little more uncertain &amp; perhaps even scary. Now, as we can slowly see the light at the end of the tunnel as vaccines roll in, we can once again think about planning\u00a0weddings\u00a0&amp; events and hopefully establishing a new normal.<\/div>\n<div dir=\"ltr\">Looking back at this wedding, makes me realize that love is still in the air and never really left &amp;\u00a0 no matter what the circumstances are in our lives, there is always a place to celebrate love and commitment.<\/div>\n<div dir=\"ltr\"><\/div>\n<div dir=\"ltr\">Happy 1 year Anniversary Mireille &amp; Rapha\u00ebl<\/div>\n<p>[\/vc_column_text][\/vc_column][\/vc_row][vc_row][vc_column][vc_single_image image=\u00a0\u00bb5838&Prime; img_size=\u00a0\u00bbfull\u00a0\u00bb alignment=\u00a0\u00bbcenter\u00a0\u00bb][\/vc_column][\/vc_row][vc_row][vc_column][vc_single_image image=\u00a0\u00bb5840&Prime; img_size=\u00a0\u00bbfull\u00a0\u00bb][\/vc_column][\/vc_row][vc_row][vc_column][vc_single_image image=\u00a0\u00bb5842&Prime; img_size=\u00a0\u00bbfull\u00a0\u00bb][\/vc_column][\/vc_row][vc_row][vc_column][vc_single_image image=\u00a0\u00bb5844&Prime; img_size=\u00a0\u00bbfull\u00a0\u00bb][\/vc_column][\/vc_row][vc_row][vc_column][vc_single_image image=\u00a0\u00bb5846&Prime; img_size=\u00a0\u00bbfull\u00a0\u00bb][\/vc_column][\/vc_row][vc_row][vc_column][vc_single_image image=\u00a0\u00bb5848&Prime; img_size=\u00a0\u00bbfull\u00a0\u00bb][\/vc_column][\/vc_row][vc_row][vc_column][vc_single_image image=\u00a0\u00bb5850&Prime; img_size=\u00a0\u00bbfull\u00a0\u00bb][\/vc_column][\/vc_row][vc_row][vc_column][vc_single_image image=\u00a0\u00bb5852&Prime; img_size=\u00a0\u00bbfull\u00a0\u00bb][\/vc_column][\/vc_row][vc_row][vc_column][vc_single_image image=\u00a0\u00bb5854&Prime; img_size=\u00a0\u00bbfull\u00a0\u00bb][\/vc_column][\/vc_row][vc_row][vc_column][vc_single_image image=\u00a0\u00bb5856&Prime; img_size=\u00a0\u00bbfull\u00a0\u00bb][\/vc_column][\/vc_row][vc_row][vc_column][vc_single_image image=\u00a0\u00bb5858&Prime; img_size=\u00a0\u00bbfull\u00a0\u00bb][\/vc_column][\/vc_row][vc_row][vc_column][vc_single_image image=\u00a0\u00bb5860&Prime; img_size=\u00a0\u00bbfull\u00a0\u00bb][\/vc_column][\/vc_row][vc_row][vc_column][vc_single_image image=\u00a0\u00bb5862&Prime; img_size=\u00a0\u00bbfull\u00a0\u00bb][\/vc_column][\/vc_row][vc_row][vc_column][vc_single_image image=\u00a0\u00bb5864&Prime; img_size=\u00a0\u00bbfull\u00a0\u00bb][\/vc_column][\/vc_row][vc_row][vc_column][vc_single_image image=\u00a0\u00bb5866&Prime; img_size=\u00a0\u00bbfull\u00a0\u00bb][\/vc_column][\/vc_row][vc_row][vc_column][vc_single_image image=\u00a0\u00bb5868&Prime; img_size=\u00a0\u00bbfull\u00a0\u00bb][\/vc_column][\/vc_row][vc_row][vc_column][vc_single_image image=\u00a0\u00bb5870&Prime; img_size=\u00a0\u00bbfull\u00a0\u00bb][\/vc_column][\/vc_row][vc_row][vc_column][vc_column_text css=\u00a0\u00bb.vc_custom_1614273176871{margin-bottom: 0px !important;}\u00a0\u00bb]Montreal Wedding Photography<\/p>\n<p>de Belle photography[\/vc_column_text][\/vc_column][\/vc_row]<\/p>\n<\/div>","protected":false},"excerpt":{"rendered":"<p>[vc_row][vc_column][vc_column_text css=\u00a0\u00bb.vc_custom_1619005150191{margin-bottom: 0px !important;}\u00a0\u00bb] Looking back at 1 year ago, this was one of the first weddings we photographed during the \u00ab\u00a0Covid Era\u00a0\u00bb. Back then, everything seemed a little more uncertain &amp; perhaps even scary. Now, as we can slowly see the light at the end of the tunnel as vaccines roll in, we can [&hellip;]<\/p>\n","protected":false},"author":3,"featured_media":5870,"comment_status":"closed","ping_status":"open","sticky":false,"template":"","format":"standard","meta":{"_acf_changed":false,"footnotes":""},"categories":[39,31,164],"tags":[135,22,53,152,30,121,25],"class_list":["post-6000","post","type-post","status-publish","format-standard","has-post-thumbnail","hentry","category-featured","category-jeffrey-de-belle","category-old-montreal","tag-jeffrey-de-belle","tag-montreal-wedding","tag-old-montreal","tag-photography","tag-wedding","tag-wedding-photographer","tag-wedding-photography"],"acf":[],"yoast_head":"<!-- This site is optimized with the Yoast SEO plugin v27.3 - https:\/\/yoast.com\/product\/yoast-seo-wordpress\/ -->\n<title>Mireille &amp; Rapha\u00ebl - de Belle Photography | Montreal Wedding Photography | Montreal Wedding Photographer<\/title>\n<meta name=\"robots\" content=\"index, follow, max-snippet:-1, max-image-preview:large, max-video-preview:-1\" \/>\n<link rel=\"canonical\" href=\"https:\/\/debellephotography.com\/post-template-2\/\" \/>\n<meta property=\"og:locale\" content=\"fr_FR\" \/>\n<meta property=\"og:type\" content=\"article\" \/>\n<meta property=\"og:title\" content=\"Mireille &amp; Rapha\u00ebl - de Belle Photography | Montreal Wedding Photography | Montreal Wedding Photographer\" \/>\n<meta property=\"og:description\" content=\"[vc_row][vc_column][vc_column_text css=\u00a0\u00bb.vc_custom_1619005150191{margin-bottom: 0px !important;}\u00a0\u00bb] Looking back at 1 year ago, this was one of the first weddings we photographed during the \u00ab\u00a0Covid Era\u00a0\u00bb. Back then, everything seemed a little more uncertain &amp; perhaps even scary. Now, as we can slowly see the light at the end of the tunnel as vaccines roll in, we can [&hellip;]\" \/>\n<meta property=\"og:url\" content=\"https:\/\/debellephotography.com\/post-template-2\/\" \/>\n<meta property=\"og:site_name\" content=\"de Belle Photography | Montreal Wedding Photography | Montreal Wedding Photographer\" \/>\n<meta property=\"article:published_time\" content=\"2021-04-22T16:00:47+00:00\" \/>\n<meta property=\"og:image\" content=\"https:\/\/debellephotography.com\/wp-content\/uploads\/debellephotography_wedding_covid_17.jpg\" \/>\n\t<meta property=\"og:image:width\" content=\"1200\" \/>\n\t<meta property=\"og:image:height\" content=\"799\" \/>\n\t<meta property=\"og:image:type\" content=\"image\/jpeg\" \/>\n<meta name=\"author\" content=\"debelle\" \/>\n<meta name=\"twitter:card\" content=\"summary_large_image\" \/>\n<meta name=\"twitter:label1\" content=\"\u00c9crit par\" \/>\n\t<meta name=\"twitter:data1\" content=\"debelle\" \/>\n\t<meta name=\"twitter:label2\" content=\"Dur\u00e9e de lecture estim\u00e9e\" \/>\n\t<meta name=\"twitter:data2\" content=\"1 minute\" \/>\n<script type=\"application\/ld+json\" class=\"yoast-schema-graph\">{\"@context\":\"https:\\\/\\\/schema.org\",\"@graph\":[{\"@type\":\"Article\",\"@id\":\"https:\\\/\\\/debellephotography.com\\\/post-template-2\\\/#article\",\"isPartOf\":{\"@id\":\"https:\\\/\\\/debellephotography.com\\\/post-template-2\\\/\"},\"author\":{\"name\":\"debelle\",\"@id\":\"https:\\\/\\\/debellephotography.com\\\/#\\\/schema\\\/person\\\/1c09cab3a3ae2de18e02952d6507ac05\"},\"headline\":\"Mireille &#038; Rapha\u00ebl\",\"datePublished\":\"2021-04-22T16:00:47+00:00\",\"mainEntityOfPage\":{\"@id\":\"https:\\\/\\\/debellephotography.com\\\/post-template-2\\\/\"},\"wordCount\":416,\"publisher\":{\"@id\":\"https:\\\/\\\/debellephotography.com\\\/#organization\"},\"image\":{\"@id\":\"https:\\\/\\\/debellephotography.com\\\/post-template-2\\\/#primaryimage\"},\"thumbnailUrl\":\"https:\\\/\\\/debellephotography.com\\\/wp-content\\\/uploads\\\/debellephotography_wedding_covid_17.jpg\",\"keywords\":[\"Jeffrey de Belle\",\"Montreal Wedding\",\"Old Montreal\",\"Photography\",\"wedding\",\"wedding photographer\",\"wedding photography\"],\"articleSection\":[\"Featured\",\"Jeffrey de Belle\",\"old montreal\"],\"inLanguage\":\"fr-FR\"},{\"@type\":\"WebPage\",\"@id\":\"https:\\\/\\\/debellephotography.com\\\/post-template-2\\\/\",\"url\":\"https:\\\/\\\/debellephotography.com\\\/post-template-2\\\/\",\"name\":\"Mireille & Rapha\u00ebl - de Belle Photography | Montreal Wedding Photography | Montreal Wedding Photographer\",\"isPartOf\":{\"@id\":\"https:\\\/\\\/debellephotography.com\\\/#website\"},\"primaryImageOfPage\":{\"@id\":\"https:\\\/\\\/debellephotography.com\\\/post-template-2\\\/#primaryimage\"},\"image\":{\"@id\":\"https:\\\/\\\/debellephotography.com\\\/post-template-2\\\/#primaryimage\"},\"thumbnailUrl\":\"https:\\\/\\\/debellephotography.com\\\/wp-content\\\/uploads\\\/debellephotography_wedding_covid_17.jpg\",\"datePublished\":\"2021-04-22T16:00:47+00:00\",\"breadcrumb\":{\"@id\":\"https:\\\/\\\/debellephotography.com\\\/post-template-2\\\/#breadcrumb\"},\"inLanguage\":\"fr-FR\",\"potentialAction\":[{\"@type\":\"ReadAction\",\"target\":[\"https:\\\/\\\/debellephotography.com\\\/post-template-2\\\/\"]}]},{\"@type\":\"ImageObject\",\"inLanguage\":\"fr-FR\",\"@id\":\"https:\\\/\\\/debellephotography.com\\\/post-template-2\\\/#primaryimage\",\"url\":\"https:\\\/\\\/debellephotography.com\\\/wp-content\\\/uploads\\\/debellephotography_wedding_covid_17.jpg\",\"contentUrl\":\"https:\\\/\\\/debellephotography.com\\\/wp-content\\\/uploads\\\/debellephotography_wedding_covid_17.jpg\",\"width\":1200,\"height\":799},{\"@type\":\"BreadcrumbList\",\"@id\":\"https:\\\/\\\/debellephotography.com\\\/post-template-2\\\/#breadcrumb\",\"itemListElement\":[{\"@type\":\"ListItem\",\"position\":1,\"name\":\"Home\",\"item\":\"https:\\\/\\\/debellephotography.com\\\/fr\\\/accueil\\\/\"},{\"@type\":\"ListItem\",\"position\":2,\"name\":\"Mireille &#038; Rapha\u00ebl\"}]},{\"@type\":\"WebSite\",\"@id\":\"https:\\\/\\\/debellephotography.com\\\/#website\",\"url\":\"https:\\\/\\\/debellephotography.com\\\/\",\"name\":\"de Belle Photography | Montreal Wedding Photography | Montreal Wedding Photographer\",\"description\":\"Voted in the top 10 best Wedding Photographers in Montreal, de Belle Photography is an award-winning Montreal Wedding Photographer specializing in candid and documentary wedding images, with a fashion flair.\",\"publisher\":{\"@id\":\"https:\\\/\\\/debellephotography.com\\\/#organization\"},\"potentialAction\":[{\"@type\":\"SearchAction\",\"target\":{\"@type\":\"EntryPoint\",\"urlTemplate\":\"https:\\\/\\\/debellephotography.com\\\/?s={search_term_string}\"},\"query-input\":{\"@type\":\"PropertyValueSpecification\",\"valueRequired\":true,\"valueName\":\"search_term_string\"}}],\"inLanguage\":\"fr-FR\"},{\"@type\":\"Organization\",\"@id\":\"https:\\\/\\\/debellephotography.com\\\/#organization\",\"name\":\"de Belle Photography\",\"url\":\"https:\\\/\\\/debellephotography.com\\\/\",\"logo\":{\"@type\":\"ImageObject\",\"inLanguage\":\"fr-FR\",\"@id\":\"https:\\\/\\\/debellephotography.com\\\/#\\\/schema\\\/logo\\\/image\\\/\",\"url\":\"https:\\\/\\\/debellephotography.com\\\/wp-content\\\/uploads\\\/041_debellephotography.jpg\",\"contentUrl\":\"https:\\\/\\\/debellephotography.com\\\/wp-content\\\/uploads\\\/041_debellephotography.jpg\",\"width\":900,\"height\":900,\"caption\":\"de Belle Photography\"},\"image\":{\"@id\":\"https:\\\/\\\/debellephotography.com\\\/#\\\/schema\\\/logo\\\/image\\\/\"}},{\"@type\":\"Person\",\"@id\":\"https:\\\/\\\/debellephotography.com\\\/#\\\/schema\\\/person\\\/1c09cab3a3ae2de18e02952d6507ac05\",\"name\":\"debelle\",\"image\":{\"@type\":\"ImageObject\",\"inLanguage\":\"fr-FR\",\"@id\":\"https:\\\/\\\/secure.gravatar.com\\\/avatar\\\/768586724322bdbc3dd69e39e2a439f4a16802d64965b3f2e19e65cafd220c3b?s=96&d=mm&r=g\",\"url\":\"https:\\\/\\\/secure.gravatar.com\\\/avatar\\\/768586724322bdbc3dd69e39e2a439f4a16802d64965b3f2e19e65cafd220c3b?s=96&d=mm&r=g\",\"contentUrl\":\"https:\\\/\\\/secure.gravatar.com\\\/avatar\\\/768586724322bdbc3dd69e39e2a439f4a16802d64965b3f2e19e65cafd220c3b?s=96&d=mm&r=g\",\"caption\":\"debelle\"}}]}<\/script>\n<!-- \/ Yoast SEO plugin. -->","yoast_head_json":{"title":"Mireille & Rapha\u00ebl - de Belle Photography | Montreal Wedding Photography | Montreal Wedding Photographer","robots":{"index":"index","follow":"follow","max-snippet":"max-snippet:-1","max-image-preview":"max-image-preview:large","max-video-preview":"max-video-preview:-1"},"canonical":"https:\/\/debellephotography.com\/post-template-2\/","og_locale":"fr_FR","og_type":"article","og_title":"Mireille & Rapha\u00ebl - de Belle Photography | Montreal Wedding Photography | Montreal Wedding Photographer","og_description":"[vc_row][vc_column][vc_column_text css=\u00a0\u00bb.vc_custom_1619005150191{margin-bottom: 0px !important;}\u00a0\u00bb] Looking back at 1 year ago, this was one of the first weddings we photographed during the \u00ab\u00a0Covid Era\u00a0\u00bb. Back then, everything seemed a little more uncertain &amp; perhaps even scary. Now, as we can slowly see the light at the end of the tunnel as vaccines roll in, we can [&hellip;]","og_url":"https:\/\/debellephotography.com\/post-template-2\/","og_site_name":"de Belle Photography | Montreal Wedding Photography | Montreal Wedding Photographer","article_published_time":"2021-04-22T16:00:47+00:00","og_image":[{"width":1200,"height":799,"url":"https:\/\/debellephotography.com\/wp-content\/uploads\/debellephotography_wedding_covid_17.jpg","type":"image\/jpeg"}],"author":"debelle","twitter_card":"summary_large_image","twitter_misc":{"\u00c9crit par":"debelle","Dur\u00e9e de lecture estim\u00e9e":"1 minute"},"schema":{"@context":"https:\/\/schema.org","@graph":[{"@type":"Article","@id":"https:\/\/debellephotography.com\/post-template-2\/#article","isPartOf":{"@id":"https:\/\/debellephotography.com\/post-template-2\/"},"author":{"name":"debelle","@id":"https:\/\/debellephotography.com\/#\/schema\/person\/1c09cab3a3ae2de18e02952d6507ac05"},"headline":"Mireille &#038; Rapha\u00ebl","datePublished":"2021-04-22T16:00:47+00:00","mainEntityOfPage":{"@id":"https:\/\/debellephotography.com\/post-template-2\/"},"wordCount":416,"publisher":{"@id":"https:\/\/debellephotography.com\/#organization"},"image":{"@id":"https:\/\/debellephotography.com\/post-template-2\/#primaryimage"},"thumbnailUrl":"https:\/\/debellephotography.com\/wp-content\/uploads\/debellephotography_wedding_covid_17.jpg","keywords":["Jeffrey de Belle","Montreal Wedding","Old Montreal","Photography","wedding","wedding photographer","wedding photography"],"articleSection":["Featured","Jeffrey de Belle","old montreal"],"inLanguage":"fr-FR"},{"@type":"WebPage","@id":"https:\/\/debellephotography.com\/post-template-2\/","url":"https:\/\/debellephotography.com\/post-template-2\/","name":"Mireille & Rapha\u00ebl - de Belle Photography | Montreal Wedding Photography | Montreal Wedding Photographer","isPartOf":{"@id":"https:\/\/debellephotography.com\/#website"},"primaryImageOfPage":{"@id":"https:\/\/debellephotography.com\/post-template-2\/#primaryimage"},"image":{"@id":"https:\/\/debellephotography.com\/post-template-2\/#primaryimage"},"thumbnailUrl":"https:\/\/debellephotography.com\/wp-content\/uploads\/debellephotography_wedding_covid_17.jpg","datePublished":"2021-04-22T16:00:47+00:00","breadcrumb":{"@id":"https:\/\/debellephotography.com\/post-template-2\/#breadcrumb"},"inLanguage":"fr-FR","potentialAction":[{"@type":"ReadAction","target":["https:\/\/debellephotography.com\/post-template-2\/"]}]},{"@type":"ImageObject","inLanguage":"fr-FR","@id":"https:\/\/debellephotography.com\/post-template-2\/#primaryimage","url":"https:\/\/debellephotography.com\/wp-content\/uploads\/debellephotography_wedding_covid_17.jpg","contentUrl":"https:\/\/debellephotography.com\/wp-content\/uploads\/debellephotography_wedding_covid_17.jpg","width":1200,"height":799},{"@type":"BreadcrumbList","@id":"https:\/\/debellephotography.com\/post-template-2\/#breadcrumb","itemListElement":[{"@type":"ListItem","position":1,"name":"Home","item":"https:\/\/debellephotography.com\/fr\/accueil\/"},{"@type":"ListItem","position":2,"name":"Mireille &#038; Rapha\u00ebl"}]},{"@type":"WebSite","@id":"https:\/\/debellephotography.com\/#website","url":"https:\/\/debellephotography.com\/","name":"de Belle Photography | Montreal Wedding Photography | Montreal Wedding Photographer","description":"Voted in the top 10 best Wedding Photographers in Montreal, de Belle Photography is an award-winning Montreal Wedding Photographer specializing in candid and documentary wedding images, with a fashion flair.","publisher":{"@id":"https:\/\/debellephotography.com\/#organization"},"potentialAction":[{"@type":"SearchAction","target":{"@type":"EntryPoint","urlTemplate":"https:\/\/debellephotography.com\/?s={search_term_string}"},"query-input":{"@type":"PropertyValueSpecification","valueRequired":true,"valueName":"search_term_string"}}],"inLanguage":"fr-FR"},{"@type":"Organization","@id":"https:\/\/debellephotography.com\/#organization","name":"de Belle Photography","url":"https:\/\/debellephotography.com\/","logo":{"@type":"ImageObject","inLanguage":"fr-FR","@id":"https:\/\/debellephotography.com\/#\/schema\/logo\/image\/","url":"https:\/\/debellephotography.com\/wp-content\/uploads\/041_debellephotography.jpg","contentUrl":"https:\/\/debellephotography.com\/wp-content\/uploads\/041_debellephotography.jpg","width":900,"height":900,"caption":"de Belle Photography"},"image":{"@id":"https:\/\/debellephotography.com\/#\/schema\/logo\/image\/"}},{"@type":"Person","@id":"https:\/\/debellephotography.com\/#\/schema\/person\/1c09cab3a3ae2de18e02952d6507ac05","name":"debelle","image":{"@type":"ImageObject","inLanguage":"fr-FR","@id":"https:\/\/secure.gravatar.com\/avatar\/768586724322bdbc3dd69e39e2a439f4a16802d64965b3f2e19e65cafd220c3b?s=96&d=mm&r=g","url":"https:\/\/secure.gravatar.com\/avatar\/768586724322bdbc3dd69e39e2a439f4a16802d64965b3f2e19e65cafd220c3b?s=96&d=mm&r=g","contentUrl":"https:\/\/secure.gravatar.com\/avatar\/768586724322bdbc3dd69e39e2a439f4a16802d64965b3f2e19e65cafd220c3b?s=96&d=mm&r=g","caption":"debelle"}}]}},"_links":{"self":[{"href":"https:\/\/debellephotography.com\/fr\/wp-json\/wp\/v2\/posts\/6000","targetHints":{"allow":["GET"]}}],"collection":[{"href":"https:\/\/debellephotography.com\/fr\/wp-json\/wp\/v2\/posts"}],"about":[{"href":"https:\/\/debellephotography.com\/fr\/wp-json\/wp\/v2\/types\/post"}],"author":[{"embeddable":true,"href":"https:\/\/debellephotography.com\/fr\/wp-json\/wp\/v2\/users\/3"}],"replies":[{"embeddable":true,"href":"https:\/\/debellephotography.com\/fr\/wp-json\/wp\/v2\/comments?post=6000"}],"version-history":[{"count":3,"href":"https:\/\/debellephotography.com\/fr\/wp-json\/wp\/v2\/posts\/6000\/revisions"}],"predecessor-version":[{"id":6228,"href":"https:\/\/debellephotography.com\/fr\/wp-json\/wp\/v2\/posts\/6000\/revisions\/6228"}],"wp:featuredmedia":[{"embeddable":true,"href":"https:\/\/debellephotography.com\/fr\/wp-json\/wp\/v2\/media\/5870"}],"wp:attachment":[{"href":"https:\/\/debellephotography.com\/fr\/wp-json\/wp\/v2\/media?parent=6000"}],"wp:term":[{"taxonomy":"category","embeddable":true,"href":"https:\/\/debellephotography.com\/fr\/wp-json\/wp\/v2\/categories?post=6000"},{"taxonomy":"post_tag","embeddable":true,"href":"https:\/\/debellephotography.com\/fr\/wp-json\/wp\/v2\/tags?post=6000"}],"curies":[{"name":"wp","href":"https:\/\/api.w.org\/{rel}","templated":true}]}}