{"id":2381,"date":"2013-10-25T14:07:01","date_gmt":"2013-10-25T14:07:01","guid":{"rendered":"https:\/\/www.debellephotography.com\/?p=2381"},"modified":"2020-11-16T18:24:57","modified_gmt":"2020-11-16T18:24:57","slug":"joanna-aless-andros-wedding","status":"publish","type":"post","link":"https:\/\/debellephotography.com\/fr\/joanna-aless-andros-wedding\/","title":{"rendered":"Joanna &#038; Aless andro&rsquo;s Wedding"},"content":{"rendered":"<p>Joanna &amp; Aless andro were married on a beautiful September day, just a few short weeks ago.<br \/>\nEverything leading up to this incredible wedding was planned with great care, love  and creativity by the couple.<\/p>\n<p>When we first met them, they had a clear vision of how they wanted their wedding celebration to unfold  and we instantly wanted to be a part of it. Their willingness to share their tasteful  and original photo  and video ideas led to a creative partnership of sorts &#8211; They exchanged their ideas with us  and us with them. So by the time the wedding day rolled around, we were all on the same page, as you can clearly see by these images.<\/p>\n<p>Thank you Joanna  and Aless andro for including deBelle Photography in all of your wedding related celebrations this past year  and for entrusting us to capture your vision come to life&#8230;<\/p>\n<p><a href=\"https:\/\/www.debellephotography.com\/wp-content\/uploads\/debellephotography_joal0011.jpg\"><img fetchpriority=\"high\" decoding=\"async\" class=\"aligncenter size-full wp-image-2405\" src=\"https:\/\/www.debellephotography.com\/wp-content\/uploads\/debellephotography_joal0011.jpg\" alt=\"debellephotography_joal001\" width=\"595\" height=\"397\" \/><\/a><\/p>\n<p><a href=\"https:\/\/www.debellephotography.com\/wp-content\/uploads\/debellephotography_joal0021.jpg\"><img decoding=\"async\" class=\"aligncenter size-full wp-image-2407\" src=\"https:\/\/www.debellephotography.com\/wp-content\/uploads\/debellephotography_joal0021.jpg\" alt=\"debellephotography_joal002\" width=\"595\" height=\"298\" \/><\/a><\/p>\n<p><a href=\"https:\/\/www.debellephotography.com\/wp-content\/uploads\/debellephotography_joal0041.jpg\"><img decoding=\"async\" class=\"aligncenter size-full wp-image-2409\" src=\"https:\/\/www.debellephotography.com\/wp-content\/uploads\/debellephotography_joal0041.jpg\" alt=\"debellephotography_joal004\" width=\"595\" height=\"298\" \/><\/a><\/p>\n<p><a href=\"https:\/\/www.debellephotography.com\/wp-content\/uploads\/debellephotography_joal0051.jpg\"><img loading=\"lazy\" decoding=\"async\" class=\"aligncenter size-full wp-image-2410\" src=\"https:\/\/www.debellephotography.com\/wp-content\/uploads\/debellephotography_joal0051.jpg\" alt=\"debellephotography_joal005\" width=\"595\" height=\"397\" \/><\/a><\/p>\n<p><a href=\"https:\/\/www.debellephotography.com\/wp-content\/uploads\/debellephotography_joal0061.jpg\"><img loading=\"lazy\" decoding=\"async\" class=\"aligncenter size-full wp-image-2411\" src=\"https:\/\/www.debellephotography.com\/wp-content\/uploads\/debellephotography_joal0061.jpg\" alt=\"debellephotography_joal006\" width=\"595\" height=\"298\" \/><\/a><\/p>\n<p><a href=\"https:\/\/www.debellephotography.com\/wp-content\/uploads\/debellephotography_joal0071.jpg\"><img loading=\"lazy\" decoding=\"async\" class=\"aligncenter size-full wp-image-2412\" src=\"https:\/\/www.debellephotography.com\/wp-content\/uploads\/debellephotography_joal0071.jpg\" alt=\"debellephotography_joal007\" width=\"595\" height=\"298\" \/><\/a><\/p>\n<p><a href=\"https:\/\/www.debellephotography.com\/wp-content\/uploads\/debellephotography_joal0031.jpg\"><img loading=\"lazy\" decoding=\"async\" class=\"aligncenter size-full wp-image-2415\" src=\"https:\/\/www.debellephotography.com\/wp-content\/uploads\/debellephotography_joal0031.jpg\" alt=\"debellephotography_joal003\" width=\"595\" height=\"397\" \/><\/a><\/p>\n<p><a href=\"https:\/\/www.debellephotography.com\/wp-content\/uploads\/debellephotography_joal0081.jpg\"><img loading=\"lazy\" decoding=\"async\" class=\"aligncenter size-full wp-image-2413\" src=\"https:\/\/www.debellephotography.com\/wp-content\/uploads\/debellephotography_joal0081.jpg\" alt=\"debellephotography_joal008\" width=\"595\" height=\"397\" \/><\/a><\/p>\n","protected":false},"excerpt":{"rendered":"<p>Joanna &amp; Aless andro were married on a beautiful September day, just a few short weeks ago. Everything leading up to this incredible wedding was planned with great care, love and creativity by the couple. When we first met them, they had a clear vision of how they wanted their wedding celebration to unfold and [&hellip;]<\/p>\n","protected":false},"author":3,"featured_media":2405,"comment_status":"open","ping_status":"open","sticky":false,"template":"","format":"standard","meta":{"_acf_changed":false,"footnotes":""},"categories":[39,31],"tags":[42,93,53],"class_list":["post-2381","post","type-post","status-publish","format-standard","has-post-thumbnail","hentry","category-featured","category-jeffrey-de-belle","tag-jeff","tag-joanna","tag-old-montreal"],"acf":[],"yoast_head":"<!-- This site is optimized with the Yoast SEO plugin v27.3 - https:\/\/yoast.com\/product\/yoast-seo-wordpress\/ -->\n<title>Joanna &amp; Aless andro&#039;s Wedding - de Belle Photography | Montreal Wedding Photography | Montreal Wedding Photographer<\/title>\n<meta name=\"robots\" content=\"index, follow, max-snippet:-1, max-image-preview:large, max-video-preview:-1\" \/>\n<link rel=\"canonical\" href=\"https:\/\/debellephotography.com\/joanna-aless-andros-wedding\/\" \/>\n<meta property=\"og:locale\" content=\"fr_FR\" \/>\n<meta property=\"og:type\" content=\"article\" \/>\n<meta property=\"og:title\" content=\"Joanna &amp; Aless andro&#039;s Wedding - de Belle Photography | Montreal Wedding Photography | Montreal Wedding Photographer\" \/>\n<meta property=\"og:description\" content=\"Joanna &amp; Aless andro were married on a beautiful September day, just a few short weeks ago. Everything leading up to this incredible wedding was planned with great care, love and creativity by the couple. When we first met them, they had a clear vision of how they wanted their wedding celebration to unfold and [&hellip;]\" \/>\n<meta property=\"og:url\" content=\"https:\/\/debellephotography.com\/joanna-aless-andros-wedding\/\" \/>\n<meta property=\"og:site_name\" content=\"de Belle Photography | Montreal Wedding Photography | Montreal Wedding Photographer\" \/>\n<meta property=\"article:published_time\" content=\"2013-10-25T14:07:01+00:00\" \/>\n<meta property=\"article:modified_time\" content=\"2020-11-16T18:24:57+00:00\" \/>\n<meta property=\"og:image\" content=\"https:\/\/debellephotography.com\/wp-content\/uploads\/debellephotography_joal0011.jpg\" \/>\n\t<meta property=\"og:image:width\" content=\"595\" \/>\n\t<meta property=\"og:image:height\" content=\"397\" \/>\n\t<meta property=\"og:image:type\" content=\"image\/jpeg\" \/>\n<meta name=\"author\" content=\"debelle\" \/>\n<meta name=\"twitter:card\" content=\"summary_large_image\" \/>\n<meta name=\"twitter:label1\" content=\"\u00c9crit par\" \/>\n\t<meta name=\"twitter:data1\" content=\"debelle\" \/>\n\t<meta name=\"twitter:label2\" content=\"Dur\u00e9e de lecture estim\u00e9e\" \/>\n\t<meta name=\"twitter:data2\" content=\"1 minute\" \/>\n<script type=\"application\/ld+json\" class=\"yoast-schema-graph\">{\"@context\":\"https:\\\/\\\/schema.org\",\"@graph\":[{\"@type\":\"Article\",\"@id\":\"https:\\\/\\\/debellephotography.com\\\/joanna-aless-andros-wedding\\\/#article\",\"isPartOf\":{\"@id\":\"https:\\\/\\\/debellephotography.com\\\/joanna-aless-andros-wedding\\\/\"},\"author\":{\"name\":\"debelle\",\"@id\":\"https:\\\/\\\/debellephotography.com\\\/#\\\/schema\\\/person\\\/1c09cab3a3ae2de18e02952d6507ac05\"},\"headline\":\"Joanna &#038; Aless andro&rsquo;s Wedding\",\"datePublished\":\"2013-10-25T14:07:01+00:00\",\"dateModified\":\"2020-11-16T18:24:57+00:00\",\"mainEntityOfPage\":{\"@id\":\"https:\\\/\\\/debellephotography.com\\\/joanna-aless-andros-wedding\\\/\"},\"wordCount\":154,\"commentCount\":0,\"publisher\":{\"@id\":\"https:\\\/\\\/debellephotography.com\\\/#organization\"},\"image\":{\"@id\":\"https:\\\/\\\/debellephotography.com\\\/joanna-aless-andros-wedding\\\/#primaryimage\"},\"thumbnailUrl\":\"https:\\\/\\\/debellephotography.com\\\/wp-content\\\/uploads\\\/debellephotography_joal0011.jpg\",\"keywords\":[\"Jeff\",\"joanna\",\"Old Montreal\"],\"articleSection\":[\"Featured\",\"Jeffrey de Belle\"],\"inLanguage\":\"fr-FR\"},{\"@type\":\"WebPage\",\"@id\":\"https:\\\/\\\/debellephotography.com\\\/joanna-aless-andros-wedding\\\/\",\"url\":\"https:\\\/\\\/debellephotography.com\\\/joanna-aless-andros-wedding\\\/\",\"name\":\"Joanna & Aless andro's Wedding - de Belle Photography | Montreal Wedding Photography | Montreal Wedding Photographer\",\"isPartOf\":{\"@id\":\"https:\\\/\\\/debellephotography.com\\\/#website\"},\"primaryImageOfPage\":{\"@id\":\"https:\\\/\\\/debellephotography.com\\\/joanna-aless-andros-wedding\\\/#primaryimage\"},\"image\":{\"@id\":\"https:\\\/\\\/debellephotography.com\\\/joanna-aless-andros-wedding\\\/#primaryimage\"},\"thumbnailUrl\":\"https:\\\/\\\/debellephotography.com\\\/wp-content\\\/uploads\\\/debellephotography_joal0011.jpg\",\"datePublished\":\"2013-10-25T14:07:01+00:00\",\"dateModified\":\"2020-11-16T18:24:57+00:00\",\"breadcrumb\":{\"@id\":\"https:\\\/\\\/debellephotography.com\\\/joanna-aless-andros-wedding\\\/#breadcrumb\"},\"inLanguage\":\"fr-FR\",\"potentialAction\":[{\"@type\":\"ReadAction\",\"target\":[\"https:\\\/\\\/debellephotography.com\\\/joanna-aless-andros-wedding\\\/\"]}]},{\"@type\":\"ImageObject\",\"inLanguage\":\"fr-FR\",\"@id\":\"https:\\\/\\\/debellephotography.com\\\/joanna-aless-andros-wedding\\\/#primaryimage\",\"url\":\"https:\\\/\\\/debellephotography.com\\\/wp-content\\\/uploads\\\/debellephotography_joal0011.jpg\",\"contentUrl\":\"https:\\\/\\\/debellephotography.com\\\/wp-content\\\/uploads\\\/debellephotography_joal0011.jpg\",\"width\":595,\"height\":397},{\"@type\":\"BreadcrumbList\",\"@id\":\"https:\\\/\\\/debellephotography.com\\\/joanna-aless-andros-wedding\\\/#breadcrumb\",\"itemListElement\":[{\"@type\":\"ListItem\",\"position\":1,\"name\":\"Home\",\"item\":\"https:\\\/\\\/debellephotography.com\\\/fr\\\/accueil\\\/\"},{\"@type\":\"ListItem\",\"position\":2,\"name\":\"Joanna &#038; Aless andro&#8217;s Wedding\"}]},{\"@type\":\"WebSite\",\"@id\":\"https:\\\/\\\/debellephotography.com\\\/#website\",\"url\":\"https:\\\/\\\/debellephotography.com\\\/\",\"name\":\"de Belle Photography | Montreal Wedding Photography | Montreal Wedding Photographer\",\"description\":\"Voted in the top 10 best Wedding Photographers in Montreal, de Belle Photography is an award-winning Montreal Wedding Photographer specializing in candid and documentary wedding images, with a fashion flair.\",\"publisher\":{\"@id\":\"https:\\\/\\\/debellephotography.com\\\/#organization\"},\"potentialAction\":[{\"@type\":\"SearchAction\",\"target\":{\"@type\":\"EntryPoint\",\"urlTemplate\":\"https:\\\/\\\/debellephotography.com\\\/?s={search_term_string}\"},\"query-input\":{\"@type\":\"PropertyValueSpecification\",\"valueRequired\":true,\"valueName\":\"search_term_string\"}}],\"inLanguage\":\"fr-FR\"},{\"@type\":\"Organization\",\"@id\":\"https:\\\/\\\/debellephotography.com\\\/#organization\",\"name\":\"de Belle Photography\",\"url\":\"https:\\\/\\\/debellephotography.com\\\/\",\"logo\":{\"@type\":\"ImageObject\",\"inLanguage\":\"fr-FR\",\"@id\":\"https:\\\/\\\/debellephotography.com\\\/#\\\/schema\\\/logo\\\/image\\\/\",\"url\":\"https:\\\/\\\/debellephotography.com\\\/wp-content\\\/uploads\\\/041_debellephotography.jpg\",\"contentUrl\":\"https:\\\/\\\/debellephotography.com\\\/wp-content\\\/uploads\\\/041_debellephotography.jpg\",\"width\":900,\"height\":900,\"caption\":\"de Belle Photography\"},\"image\":{\"@id\":\"https:\\\/\\\/debellephotography.com\\\/#\\\/schema\\\/logo\\\/image\\\/\"}},{\"@type\":\"Person\",\"@id\":\"https:\\\/\\\/debellephotography.com\\\/#\\\/schema\\\/person\\\/1c09cab3a3ae2de18e02952d6507ac05\",\"name\":\"debelle\",\"image\":{\"@type\":\"ImageObject\",\"inLanguage\":\"fr-FR\",\"@id\":\"https:\\\/\\\/secure.gravatar.com\\\/avatar\\\/768586724322bdbc3dd69e39e2a439f4a16802d64965b3f2e19e65cafd220c3b?s=96&d=mm&r=g\",\"url\":\"https:\\\/\\\/secure.gravatar.com\\\/avatar\\\/768586724322bdbc3dd69e39e2a439f4a16802d64965b3f2e19e65cafd220c3b?s=96&d=mm&r=g\",\"contentUrl\":\"https:\\\/\\\/secure.gravatar.com\\\/avatar\\\/768586724322bdbc3dd69e39e2a439f4a16802d64965b3f2e19e65cafd220c3b?s=96&d=mm&r=g\",\"caption\":\"debelle\"}}]}<\/script>\n<!-- \/ Yoast SEO plugin. -->","yoast_head_json":{"title":"Joanna & Aless andro's Wedding - de Belle Photography | Montreal Wedding Photography | Montreal Wedding Photographer","robots":{"index":"index","follow":"follow","max-snippet":"max-snippet:-1","max-image-preview":"max-image-preview:large","max-video-preview":"max-video-preview:-1"},"canonical":"https:\/\/debellephotography.com\/joanna-aless-andros-wedding\/","og_locale":"fr_FR","og_type":"article","og_title":"Joanna & Aless andro's Wedding - de Belle Photography | Montreal Wedding Photography | Montreal Wedding Photographer","og_description":"Joanna &amp; Aless andro were married on a beautiful September day, just a few short weeks ago. Everything leading up to this incredible wedding was planned with great care, love and creativity by the couple. When we first met them, they had a clear vision of how they wanted their wedding celebration to unfold and [&hellip;]","og_url":"https:\/\/debellephotography.com\/joanna-aless-andros-wedding\/","og_site_name":"de Belle Photography | Montreal Wedding Photography | Montreal Wedding Photographer","article_published_time":"2013-10-25T14:07:01+00:00","article_modified_time":"2020-11-16T18:24:57+00:00","og_image":[{"width":595,"height":397,"url":"https:\/\/debellephotography.com\/wp-content\/uploads\/debellephotography_joal0011.jpg","type":"image\/jpeg"}],"author":"debelle","twitter_card":"summary_large_image","twitter_misc":{"\u00c9crit par":"debelle","Dur\u00e9e de lecture estim\u00e9e":"1 minute"},"schema":{"@context":"https:\/\/schema.org","@graph":[{"@type":"Article","@id":"https:\/\/debellephotography.com\/joanna-aless-andros-wedding\/#article","isPartOf":{"@id":"https:\/\/debellephotography.com\/joanna-aless-andros-wedding\/"},"author":{"name":"debelle","@id":"https:\/\/debellephotography.com\/#\/schema\/person\/1c09cab3a3ae2de18e02952d6507ac05"},"headline":"Joanna &#038; Aless andro&rsquo;s Wedding","datePublished":"2013-10-25T14:07:01+00:00","dateModified":"2020-11-16T18:24:57+00:00","mainEntityOfPage":{"@id":"https:\/\/debellephotography.com\/joanna-aless-andros-wedding\/"},"wordCount":154,"commentCount":0,"publisher":{"@id":"https:\/\/debellephotography.com\/#organization"},"image":{"@id":"https:\/\/debellephotography.com\/joanna-aless-andros-wedding\/#primaryimage"},"thumbnailUrl":"https:\/\/debellephotography.com\/wp-content\/uploads\/debellephotography_joal0011.jpg","keywords":["Jeff","joanna","Old Montreal"],"articleSection":["Featured","Jeffrey de Belle"],"inLanguage":"fr-FR"},{"@type":"WebPage","@id":"https:\/\/debellephotography.com\/joanna-aless-andros-wedding\/","url":"https:\/\/debellephotography.com\/joanna-aless-andros-wedding\/","name":"Joanna & Aless andro's Wedding - de Belle Photography | Montreal Wedding Photography | Montreal Wedding Photographer","isPartOf":{"@id":"https:\/\/debellephotography.com\/#website"},"primaryImageOfPage":{"@id":"https:\/\/debellephotography.com\/joanna-aless-andros-wedding\/#primaryimage"},"image":{"@id":"https:\/\/debellephotography.com\/joanna-aless-andros-wedding\/#primaryimage"},"thumbnailUrl":"https:\/\/debellephotography.com\/wp-content\/uploads\/debellephotography_joal0011.jpg","datePublished":"2013-10-25T14:07:01+00:00","dateModified":"2020-11-16T18:24:57+00:00","breadcrumb":{"@id":"https:\/\/debellephotography.com\/joanna-aless-andros-wedding\/#breadcrumb"},"inLanguage":"fr-FR","potentialAction":[{"@type":"ReadAction","target":["https:\/\/debellephotography.com\/joanna-aless-andros-wedding\/"]}]},{"@type":"ImageObject","inLanguage":"fr-FR","@id":"https:\/\/debellephotography.com\/joanna-aless-andros-wedding\/#primaryimage","url":"https:\/\/debellephotography.com\/wp-content\/uploads\/debellephotography_joal0011.jpg","contentUrl":"https:\/\/debellephotography.com\/wp-content\/uploads\/debellephotography_joal0011.jpg","width":595,"height":397},{"@type":"BreadcrumbList","@id":"https:\/\/debellephotography.com\/joanna-aless-andros-wedding\/#breadcrumb","itemListElement":[{"@type":"ListItem","position":1,"name":"Home","item":"https:\/\/debellephotography.com\/fr\/accueil\/"},{"@type":"ListItem","position":2,"name":"Joanna &#038; Aless andro&#8217;s Wedding"}]},{"@type":"WebSite","@id":"https:\/\/debellephotography.com\/#website","url":"https:\/\/debellephotography.com\/","name":"de Belle Photography | Montreal Wedding Photography | Montreal Wedding Photographer","description":"Voted in the top 10 best Wedding Photographers in Montreal, de Belle Photography is an award-winning Montreal Wedding Photographer specializing in candid and documentary wedding images, with a fashion flair.","publisher":{"@id":"https:\/\/debellephotography.com\/#organization"},"potentialAction":[{"@type":"SearchAction","target":{"@type":"EntryPoint","urlTemplate":"https:\/\/debellephotography.com\/?s={search_term_string}"},"query-input":{"@type":"PropertyValueSpecification","valueRequired":true,"valueName":"search_term_string"}}],"inLanguage":"fr-FR"},{"@type":"Organization","@id":"https:\/\/debellephotography.com\/#organization","name":"de Belle Photography","url":"https:\/\/debellephotography.com\/","logo":{"@type":"ImageObject","inLanguage":"fr-FR","@id":"https:\/\/debellephotography.com\/#\/schema\/logo\/image\/","url":"https:\/\/debellephotography.com\/wp-content\/uploads\/041_debellephotography.jpg","contentUrl":"https:\/\/debellephotography.com\/wp-content\/uploads\/041_debellephotography.jpg","width":900,"height":900,"caption":"de Belle Photography"},"image":{"@id":"https:\/\/debellephotography.com\/#\/schema\/logo\/image\/"}},{"@type":"Person","@id":"https:\/\/debellephotography.com\/#\/schema\/person\/1c09cab3a3ae2de18e02952d6507ac05","name":"debelle","image":{"@type":"ImageObject","inLanguage":"fr-FR","@id":"https:\/\/secure.gravatar.com\/avatar\/768586724322bdbc3dd69e39e2a439f4a16802d64965b3f2e19e65cafd220c3b?s=96&d=mm&r=g","url":"https:\/\/secure.gravatar.com\/avatar\/768586724322bdbc3dd69e39e2a439f4a16802d64965b3f2e19e65cafd220c3b?s=96&d=mm&r=g","contentUrl":"https:\/\/secure.gravatar.com\/avatar\/768586724322bdbc3dd69e39e2a439f4a16802d64965b3f2e19e65cafd220c3b?s=96&d=mm&r=g","caption":"debelle"}}]}},"_links":{"self":[{"href":"https:\/\/debellephotography.com\/fr\/wp-json\/wp\/v2\/posts\/2381","targetHints":{"allow":["GET"]}}],"collection":[{"href":"https:\/\/debellephotography.com\/fr\/wp-json\/wp\/v2\/posts"}],"about":[{"href":"https:\/\/debellephotography.com\/fr\/wp-json\/wp\/v2\/types\/post"}],"author":[{"embeddable":true,"href":"https:\/\/debellephotography.com\/fr\/wp-json\/wp\/v2\/users\/3"}],"replies":[{"embeddable":true,"href":"https:\/\/debellephotography.com\/fr\/wp-json\/wp\/v2\/comments?post=2381"}],"version-history":[{"count":2,"href":"https:\/\/debellephotography.com\/fr\/wp-json\/wp\/v2\/posts\/2381\/revisions"}],"predecessor-version":[{"id":4406,"href":"https:\/\/debellephotography.com\/fr\/wp-json\/wp\/v2\/posts\/2381\/revisions\/4406"}],"wp:featuredmedia":[{"embeddable":true,"href":"https:\/\/debellephotography.com\/fr\/wp-json\/wp\/v2\/media\/2405"}],"wp:attachment":[{"href":"https:\/\/debellephotography.com\/fr\/wp-json\/wp\/v2\/media?parent=2381"}],"wp:term":[{"taxonomy":"category","embeddable":true,"href":"https:\/\/debellephotography.com\/fr\/wp-json\/wp\/v2\/categories?post=2381"},{"taxonomy":"post_tag","embeddable":true,"href":"https:\/\/debellephotography.com\/fr\/wp-json\/wp\/v2\/tags?post=2381"}],"curies":[{"name":"wp","href":"https:\/\/api.w.org\/{rel}","templated":true}]}}